{"id":5345,"date":"2024-10-14T14:00:04","date_gmt":"2024-10-14T14:00:04","guid":{"rendered":"https:\/\/olivoenergy.com\/?p=5345"},"modified":"2024-10-14T14:00:04","modified_gmt":"2024-10-14T14:00:04","slug":"the-keys-to-boost-flexibility-in-energy-communities","status":"publish","type":"post","link":"https:\/\/olivoenergy.com\/es\/the-keys-to-boost-flexibility-in-energy-communities\/","title":{"rendered":"Claves para impulsar la flexibilidad y la gesti\u00f3n de la demanda a trav\u00e9s de las Comunidades Energ\u00e9ticas"},"content":{"rendered":"<div data-elementor-type=\"wp-post\" data-elementor-id=\"5345\" class=\"elementor elementor-5345\">\n\t\t\t\t\t\t<section class=\"elementor-section elementor-top-section elementor-element elementor-element-d8352c8 elementor-section-boxed elementor-section-height-default elementor-section-height-default\" data-id=\"d8352c8\" data-element_type=\"section\" data-e-type=\"section\">\n\t\t\t\t\t\t<div class=\"elementor-container elementor-column-gap-default\">\n\t\t\t\t\t<div class=\"elementor-column elementor-col-100 elementor-top-column elementor-element elementor-element-cc2a26e\" data-id=\"cc2a26e\" data-element_type=\"column\" data-e-type=\"column\">\n\t\t\t<div class=\"elementor-widget-wrap elementor-element-populated\">\n\t\t\t\t\t\t<div class=\"elementor-element elementor-element-a853a3f elementor-widget elementor-widget-text-editor\" data-id=\"a853a3f\" data-element_type=\"widget\" data-e-type=\"widget\" data-widget_type=\"text-editor.default\">\n\t\t\t\t\t\t\t\t\t<p class=\"translation-block\">Las<strong> Comunidades Energ\u00e9ticas<\/strong> est\u00e1n en un momento de crecimiento a nivel nacional, como los m\u00faltiples casos de \u00e9xito e iniciativas innovadoras que se han comentado en el <strong>III Congreso Europeo de Comunidades Energ\u00e9ticas<\/strong>, organizado por el <strong>Gobierno de Navarra<\/strong>.<\/p><p class=\"translation-block\">Desde <strong>olivoENERGY<\/strong> nuestro agradecimiento por la invitaci\u00f3n a liderar como soporte t\u00e9cnico el taller : <strong>\"El papel de las Comunidades Energ\u00e9ticas en el avance de la flexibilidad y la gesti\u00f3n de la demanda\"<\/strong>:<\/p><p class=\"translation-block\">Nuestro compa\u00f1ero <\/strong>Ernesto Santos<\/strong>, junto con <strong>Micaela Villaverde<\/strong> de <strong>ePlural<\/strong>, fueron los encargados de llevar a cabo el workshop en el que se consiguieron los objetivos para los que fue dise\u00f1ado: <strong>identificar barreras y dar las soluciones de por qu\u00e9 no se est\u00e1 implementando la flexibilidad del lado de la demanda en las comunidades energ\u00e9ticas y sus socios.<\/strong><\/p>\t\t\t\t\t\t\t\t<\/div>\n\t\t\t\t\t<\/div>\n\t\t<\/div>\n\t\t\t\t\t<\/div>\n\t\t<\/section>\n\t\t<div class=\"elementor-element elementor-element-d92fb53 e-flex e-con-boxed e-con e-parent\" data-id=\"d92fb53\" data-element_type=\"container\" data-e-type=\"container\">\n\t\t\t\t\t<div class=\"e-con-inner\">\n\t\t<div class=\"elementor-element elementor-element-ddfd366 e-con-full e-flex e-con e-child\" data-id=\"ddfd366\" data-element_type=\"container\" data-e-type=\"container\">\n\t\t\t\t<div class=\"elementor-element elementor-element-00d1cd8 elementor-widget elementor-widget-image\" data-id=\"00d1cd8\" data-element_type=\"widget\" data-e-type=\"widget\" data-widget_type=\"image.default\">\n\t\t\t\t\t\t\t\t\t\t\t\t\t\t\t<img decoding=\"async\" src=\"https:\/\/olivoenergy.com\/wp-content\/uploads\/2024\/10\/Imagen3.jpg\" title=\"\" alt=\"\" loading=\"lazy\" \/>\t\t\t\t\t\t\t\t\t\t\t\t\t\t\t<\/div>\n\t\t\t\t<\/div>\n\t\t<div class=\"elementor-element elementor-element-58e78eb e-con-full e-flex e-con e-child\" data-id=\"58e78eb\" data-element_type=\"container\" data-e-type=\"container\">\n\t\t\t\t<div class=\"elementor-element elementor-element-2c81232 elementor-widget elementor-widget-image\" data-id=\"2c81232\" data-element_type=\"widget\" data-e-type=\"widget\" data-widget_type=\"image.default\">\n\t\t\t\t\t\t\t\t\t\t\t\t\t\t\t<img decoding=\"async\" src=\"https:\/\/olivoenergy.com\/wp-content\/uploads\/2024\/10\/Imagen4.jpg\" title=\"\" alt=\"\" loading=\"lazy\" \/>\t\t\t\t\t\t\t\t\t\t\t\t\t\t\t<\/div>\n\t\t\t\t<\/div>\n\t\t\t\t\t<\/div>\n\t\t\t\t<\/div>\n\t\t\t\t<section class=\"elementor-section elementor-top-section elementor-element elementor-element-e039e53 elementor-section-boxed elementor-section-height-default elementor-section-height-default\" data-id=\"e039e53\" data-element_type=\"section\" data-e-type=\"section\">\n\t\t\t\t\t\t<div class=\"elementor-container elementor-column-gap-default\">\n\t\t\t\t\t<div class=\"elementor-column elementor-col-100 elementor-top-column elementor-element elementor-element-12312b3\" data-id=\"12312b3\" data-element_type=\"column\" data-e-type=\"column\">\n\t\t\t<div class=\"elementor-widget-wrap elementor-element-populated\">\n\t\t\t\t<div class=\"elementor-element elementor-element-c509b99 e-flex e-con-boxed e-con e-parent\" data-id=\"c509b99\" data-element_type=\"container\" data-e-type=\"container\">\n\t\t\t\t\t<div class=\"e-con-inner\">\n\t\t\t\t<div class=\"elementor-element elementor-element-577c053 elementor-widget elementor-widget-spacer\" data-id=\"577c053\" data-element_type=\"widget\" data-e-type=\"widget\" data-widget_type=\"spacer.default\">\n\t\t\t\t\t\t\t<div class=\"elementor-spacer\">\n\t\t\t<div class=\"elementor-spacer-inner\"><\/div>\n\t\t<\/div>\n\t\t\t\t\t\t<\/div>\n\t\t\t\t\t<\/div>\n\t\t\t\t<\/div>\n\t\t\t\t<div class=\"elementor-element elementor-element-bedb618 elementor-widget elementor-widget-text-editor\" data-id=\"bedb618\" data-element_type=\"widget\" data-e-type=\"widget\" data-widget_type=\"text-editor.default\">\n\t\t\t\t\t\t\t\t\t<p class=\"translation-block\">En la primera actividad que planteamos, se trabaj\u00f3 en peque\u00f1os grupos en los que los <strong>asistentes discutieron sobre las barreras para aplicar la flexibilidad impl\u00edcita<\/strong> (cambios de consumo debido a se\u00f1ales externas como la tarifa el\u00e9ctrica), divididas en <strong>barreras sociales, tecnol\u00f3gicas, econ\u00f3micas y legales<\/strong>.<\/p><h4><span style=\"color: #f27c00;\"><strong>Question 1: Why do users in energy communities not apply implicit flexibility?<\/strong><\/span><\/h4><h5>Barreras sociales<\/h5><ul><li>1.\tFalta de conocimiento y cultura energ\u00e9tica entre los miembros de la comunidad.<\/li><li>Desconexi\u00f3n o falta de implicaci\u00f3n sobre el cambio clim\u00e1tico y el c\u00f3mo poder aportar de forma individual y colectiva.<\/li><li>Falta de fuentes fiables sobre los consumos para la toma de decisiones.<\/li><li>Dise\u00f1os complicados que impiden entender con claridad c\u00f3mo funcionan las tarifas din\u00e1micas para darle el mejor uso.<\/li><li>Dificultad para adaptar las rutinas de consumo a horarios de precio m\u00e1s barato.<\/li><li>Influencia en el confort y comodidad.<\/li><li>Dificultad para acceder a la informaci\u00f3n de forma clara y transparente.<\/li><li>Desconfianza en el sector energ\u00e9tico debido a que muchas comercializadoras se intenta aprovechar del desconocimiento de las personas para vender tarifas complejas y no econ\u00f3micas.<\/li><li>Enga\u00f1o con precios de energ\u00edas bajos, pero potencias muy altas en los contratos de suministro.<\/li><li>Miedo por subidas inesperadas en los precios de energ\u00eda (incertidumbre) como ocurri\u00f3 en la crisis energ\u00e9tica de 2022.<\/li><li>Programas de informaci\u00f3n claros y transparentes limitados.<\/li><li>Mensajes contradictorios en el dise\u00f1o, \u00bfsigo a la generaci\u00f3n renovable solar o al cargo horario?<\/li><\/ul><h5>Barreras tecnol\u00f3gicas<\/h5><ul><li>Electrodom\u00e9sticos sin programaci\u00f3n horaria y sin comunicaci\u00f3n interoperable entre diferentes fuentes de consumo y generaci\u00f3n para gestionarlo de manera sencilla.<\/li><li>Desconfianza y desconocimiento sobre las tecnolog\u00edas que facilitar\u00edan su aplicaci\u00f3n.<\/li><li>Complejidad t\u00e9cnica para interpretar datos que faciliten la toma de decisiones.<\/li><li>Elevado coste de la dom\u00f3tica y dificultad para adecuarla al hogar tradicional que cuentan con electrodom\u00e9sticos anticuados.<\/li><li>Desconocimiento del uso de los contadores inteligentes y dificultad para visualizar sus datos.<\/li><li>Dificultad para ciertas personas sin acceso a internet o tecnolog\u00edas m\u00f3viles.<\/li><li>Dificultad por obtener tecnolog\u00edas de almacenamiento o generadores de autoconsumo para aprovechar al m\u00e1ximo los tramos horarios de precios baratos.<\/li><li>En caso de contar con Veh\u00edculo el\u00e9ctrico, tener un cargador inteligente privado para poder cargar el veh\u00edculo en las horas de precios baratos.<\/li><\/ul><h5>Barreras econ\u00f3micas<\/h5><ul><li>Coste elevado de los sistemas de dom\u00f3tica.<\/li><li>Incentivos econ\u00f3micos de los tramos horarios baratos peque\u00f1os que no hacen atractivo desplazar los consumos y generaci\u00f3n.<\/li><li>No hay beneficio claro ni inmediato tras la instalaci\u00f3n de los dispositivos necesarios para monitorizar los consumos y generaci\u00f3n.<\/li><li>Tarifas planas atractivas que generan seguridad frente a la volatilidad y bajos ahorros de las tarifas de tiempo de uso.<\/li><li>Tarifas planas que no fomentan la flexibilidad.<\/li><li>En caso de crisis energ\u00e9tica, precios de las tarifas de tiempo de uso muy altos.<\/li><\/ul><h5>Barreras legales<\/h5><ul><li>Oligopolio de las compa\u00f1\u00edas el\u00e9ctricas.<br \/>Dificultad de las distribuidoras para aplicar los coeficientes din\u00e1micos.<\/li><li>No se puede acceder en tiempo real a la informaci\u00f3n del contador inteligente (normativa laxa, coste econ\u00f3mico elevado).<\/li><li>Sobrerregulaci\u00f3n del sector energ\u00e9tico, generando incertidumbre y desconfianza entre los miembros de la comunidad.<\/li><li>En el mercado libre algunas comercializadoras usan pr\u00e1cticas comerciales poco transparentes y enga\u00f1osas.<\/li><li>Riesgo de volatilidad en el mercado el\u00e9ctrico, y al no tener precios estables, se desincentiva a optar por tarifas tiempo de uso.<\/li><li>Dise\u00f1o de las tarifas no adaptados a la generaci\u00f3n renovable: en horas solares tarifa de acceso a red muy elevada (periodo punta).<\/li><li>Transposici\u00f3n parcial de normativa europea que obliga a acceder en todo momento a la informaci\u00f3n de forma clara y transparente y algunas comercializadoras no lo est\u00e1n llevando a cabo, generando desconfianza entre los consumidores.<\/li><\/ul>\t\t\t\t\t\t\t\t<\/div>\n\t\t\t\t\t<\/div>\n\t\t<\/div>\n\t\t\t\t\t<\/div>\n\t\t<\/section>\n\t\t<div class=\"elementor-element elementor-element-95cdc5c e-flex e-con-boxed e-con e-parent\" data-id=\"95cdc5c\" data-element_type=\"container\" data-e-type=\"container\">\n\t\t\t\t\t<div class=\"e-con-inner\">\n\t\t<div class=\"elementor-element elementor-element-bc9de07 e-con-full e-flex e-con e-child\" data-id=\"bc9de07\" data-element_type=\"container\" data-e-type=\"container\">\n\t\t\t\t<div class=\"elementor-element elementor-element-61e2de9 elementor-widget elementor-widget-image\" data-id=\"61e2de9\" data-element_type=\"widget\" data-e-type=\"widget\" data-widget_type=\"image.default\">\n\t\t\t\t\t\t\t\t\t\t\t\t\t\t\t<img decoding=\"async\" src=\"https:\/\/olivoenergy.com\/wp-content\/uploads\/2024\/10\/Imagen5.jpg\" title=\"\" alt=\"\" loading=\"lazy\" \/>\t\t\t\t\t\t\t\t\t\t\t\t\t\t\t<\/div>\n\t\t\t\t<\/div>\n\t\t<div class=\"elementor-element elementor-element-11e4db9 e-con-full e-flex e-con e-child\" data-id=\"11e4db9\" data-element_type=\"container\" data-e-type=\"container\">\n\t\t\t\t<div class=\"elementor-element elementor-element-9721c1c elementor-widget elementor-widget-image\" data-id=\"9721c1c\" data-element_type=\"widget\" data-e-type=\"widget\" data-widget_type=\"image.default\">\n\t\t\t\t\t\t\t\t\t\t\t\t\t\t\t<img decoding=\"async\" src=\"https:\/\/olivoenergy.com\/wp-content\/uploads\/2024\/10\/Imagen2.png\" title=\"\" alt=\"\" loading=\"lazy\" \/>\t\t\t\t\t\t\t\t\t\t\t\t\t\t\t<\/div>\n\t\t\t\t<\/div>\n\t\t\t\t\t<\/div>\n\t\t\t\t<\/div>\n\t\t<div class=\"elementor-element elementor-element-1ac2b25 e-flex e-con-boxed e-con e-parent\" data-id=\"1ac2b25\" data-element_type=\"container\" data-e-type=\"container\">\n\t\t\t\t\t<div class=\"e-con-inner\">\n\t\t\t\t<div class=\"elementor-element elementor-element-fbeed54 elementor-widget elementor-widget-text-editor\" data-id=\"fbeed54\" data-element_type=\"widget\" data-e-type=\"widget\" data-widget_type=\"text-editor.default\">\n\t\t\t\t\t\t\t\t\t<h4><span style=\"color: #f27c00;\">Pregunta 2: \u00bfC\u00f3mo pueden las CE incentivar a sus usuarias para que sean cada vez m\u00e1s flexibles aplicando la flexibilidad impl\u00edcita?<\/span><\/h4><p class=\"translation-block\">Para ello, identificamos previamente tres grupos de respuestas: <strong>comunicaci\u00f3n, servicios de la comunidad energ\u00e9tica, alianzas.<\/strong><\/p><h4>Comunicaci\u00f3n<\/h4><ul><li>Educar y concienciar a trav\u00e9s de talleres\/ seminarios\/ programas y recursos educativos sobre cuestiones de flexibilidad impl\u00edcita, cambios de consumo, tarifas m\u00e1s baratas, eficiencia energ\u00e9tica, etc.<\/li><li>Explicar acciones concretas para ajustar y optimizar el consumo de manera sencilla.<\/li><li>Promocionar la flexibilidad impl\u00edcita y sus beneficios.<\/li><li>Facilitar la informaci\u00f3n de manera did\u00e1ctica e informes comprensibles para la toma de decisiones.<\/li><li>Potenciar la informaci\u00f3n medioambiental y el impacto positivo de la flexibilidad para incrementar la sensibilizaci\u00f3n en las consumidoras y fomentar el cambio.<\/li><li>Dar a conocer ejemplos reales de CEs que ya lo est\u00e1n aplicando y que sirva como inspiraci\u00f3n y buenas pr\u00e1cticas.<\/li><\/ul><h5>Servicios de la comunidad energ\u00e9tica<\/h5><ul><li>Facilitar el acceso a bater\u00edas y dom\u00f3tica.<\/li><li>Facilitar la monitorizaci\u00f3n e interpretaci\u00f3n de consumos y gestionarla para enviar se\u00f1ales a las personas consumidoras.<\/li><li>Agrupar consumos entre las consumidoras para tener m\u00e1s flexibilidad de forma colectiva.<\/li><li>Aplicar los coeficientes din\u00e1micos.<\/li><li>Integrar el almacenamiento como servicio de la CE.<\/li><li>Ofrecer servicios de movilidad el\u00e9ctrica compartida y carga de veh\u00edculo.<\/li><li>Acercar de forma sencilla la normativa y las soluciones tecnol\u00f3gicas para fomentar la flexibilidad hacia las consumidoras de la CE.<\/li><\/ul><h5>Alianzas<\/h5><ul><li>Formar red para generar incidencia conjunta con otras CE y entidades del ecosistema para que haya cambios regulatorios y facilidades en la financiaci\u00f3n.<\/li><li>Alianzas con agregadores de demanda.<\/li><li>Alianzas con comercializadoras para tener tarifas especiales para las socias de la CE.<\/li><\/ul><h5>Otros<\/h5><ul><li>Incrementar y gestionar el acceso a subvenciones para la gesti\u00f3n y obtenci\u00f3n de datos en tiempo real para las CEs.<\/li><li>Aplicar incentivos fiscales a productoras y consumidores de las CEs.<\/li><li>Invertir en innovaci\u00f3n para la agregaci\u00f3n a escala de CE.<\/li><li>Mejorar la regulaci\u00f3n para la distribuci\u00f3n de energ\u00eda, permitiendo a las CE ser gestores de red.<\/li><\/ul>\t\t\t\t\t\t\t\t<\/div>\n\t\t\t\t\t<\/div>\n\t\t\t\t<\/div>\n\t\t<div class=\"elementor-element elementor-element-93078c7 e-flex e-con-boxed e-con e-parent\" data-id=\"93078c7\" data-element_type=\"container\" data-e-type=\"container\">\n\t\t\t\t\t<div class=\"e-con-inner\">\n\t\t\t\t<div class=\"elementor-element elementor-element-b6a5b97 elementor-widget elementor-widget-text-editor\" data-id=\"b6a5b97\" data-element_type=\"widget\" data-e-type=\"widget\" data-widget_type=\"text-editor.default\">\n\t\t\t\t\t\t\t\t\t<h6>________<\/h6><h3>M\u00e1s informaci\u00f3n<\/h3><h5><a href=\"https:\/\/congresocomunidadesenergeticas.com\/\" target=\"_blank\" rel=\"noopener\">\u21d2 congresocomunidadesenergeticas.com<\/a><\/h5><h5><span style=\"color: #f27c00;\">\u21d2<\/span> <a href=\"https:\/\/olivoenergy.com\/es\/olivoenergy-energy-communities-services\/\" target=\"_blank\" rel=\"noopener\">olivoENERGY \u00b7 Servicios a Comunidades Energ\u00e9ticas<\/a><\/h5>\t\t\t\t\t\t\t\t<\/div>\n\t\t\t\t\t<\/div>\n\t\t\t\t<\/div>\n\t\t\t\t<\/div>","protected":false},"excerpt":{"rendered":"<p>Conclusiones del taller 'El papel de las Comunidades Energ\u00e9ticas en el avance de la flexibilidad y la gesti\u00f3n de la demanda. liderado por olivoENERGY en el marco del III Congreso Europeo de Comunidades Energ\u00e9ticas, organizado por el Gobierno de Navarra.<\/p>","protected":false},"author":3,"featured_media":11872,"comment_status":"closed","ping_status":"open","sticky":false,"template":"","format":"standard","meta":{"inline_featured_image":false,"footnotes":""},"categories":[14],"tags":[13,43],"class_list":["post-5345","post","type-post","status-publish","format-standard","has-post-thumbnail","hentry","category-conference","tag-conference","tag-energy-communities","is-cat-link-borders-light is-cat-link-rounded"],"_links":{"self":[{"href":"https:\/\/olivoenergy.com\/es\/wp-json\/wp\/v2\/posts\/5345","targetHints":{"allow":["GET"]}}],"collection":[{"href":"https:\/\/olivoenergy.com\/es\/wp-json\/wp\/v2\/posts"}],"about":[{"href":"https:\/\/olivoenergy.com\/es\/wp-json\/wp\/v2\/types\/post"}],"author":[{"embeddable":true,"href":"https:\/\/olivoenergy.com\/es\/wp-json\/wp\/v2\/users\/3"}],"replies":[{"embeddable":true,"href":"https:\/\/olivoenergy.com\/es\/wp-json\/wp\/v2\/comments?post=5345"}],"version-history":[{"count":0,"href":"https:\/\/olivoenergy.com\/es\/wp-json\/wp\/v2\/posts\/5345\/revisions"}],"wp:featuredmedia":[{"embeddable":true,"href":"https:\/\/olivoenergy.com\/es\/wp-json\/wp\/v2\/media\/11872"}],"wp:attachment":[{"href":"https:\/\/olivoenergy.com\/es\/wp-json\/wp\/v2\/media?parent=5345"}],"wp:term":[{"taxonomy":"category","embeddable":true,"href":"https:\/\/olivoenergy.com\/es\/wp-json\/wp\/v2\/categories?post=5345"},{"taxonomy":"post_tag","embeddable":true,"href":"https:\/\/olivoenergy.com\/es\/wp-json\/wp\/v2\/tags?post=5345"}],"curies":[{"name":"wp","href":"https:\/\/api.w.org\/{rel}","templated":true}]}}